{"id":7404,"date":"2023-06-11T15:52:00","date_gmt":"2023-06-11T13:52:00","guid":{"rendered":"https:\/\/sv-buttisholz.ch\/?p=7404"},"modified":"2024-12-16T15:55:36","modified_gmt":"2024-12-16T14:55:36","slug":"obwaldner-kantonalschuetzenfest-in-lungern-besucht","status":"publish","type":"post","link":"https:\/\/sv-buttisholz.ch\/?p=7404","title":{"rendered":"Obwaldner Kantonalsch\u00fctzenfest in Lungern besucht"},"content":{"rendered":"\n<p>Nach den Sch\u00fctzenfesten in Gettnau und Menznau machte sich am letzten Freitagmittag eine Gruppe des Sch\u00fctzenvereins Buttisholz auf an\u2019s Obwaldner Kantonalsch\u00fctzenfest.<\/p>\n\n\n\n<p>Die Gruppe bestand aus 10 Sch\u00fctzen, darunter erfreulicherweise vier Jungsch\u00fctzen. In Lungern ging es zur Br\u00fcnig- Indoor Schiessanlage, es wurde also alles unterirdisch im Berg geschossen. Bei \u00abherbstlichen\u00bb Bedingungen, die Sicht war infolge starker Rauchbildung getr\u00fcbt, wurde eifrig um die verschiedenen Auszeichnungen geschossen. Im Vereinsstich traf Thomas R\u00f6lli mit 93 Punkten am besten ins Schwarze. Auf Platz 2 folgte Josef Kiener mit 91 Punkten vor Bruno Graber mit 89 Punkten. Der Sektionsdurchschnitt lag bei 85.48 Punkten.<\/p>\n\n\n\n<p>Neun Teilnehmer, darunter die Jungsch\u00fctzen Lars, Sandro und Julian R\u00f6lli konnten mindestens ein Kranzresultat erzielen. Nach einem halben Tag im Berg, war es Zeit an die frische Luft zu gehen. So begab sich die Sch\u00fctzenschar auf die Fluonalp zur Familie Schnider. Gem\u00fctlich liess man den Tag in luftiger H\u00f6he ausklingen. Nach dem Fr\u00fchst\u00fcck und morgendlichen Wanderungen ging es wieder zur\u00fcck nach Buttisholz.<\/p>\n\n\n\n<h4 class=\"wp-block-heading\">Sch\u00fctzenfeste in Menznau und Gettnau<\/h4>\n\n\n\n<p>Im Mai besuchte der SV Buttisholz bereits die beiden Sch\u00fctzenfeste in Menznau und Gettnau.<\/p>\n\n\n\n<p>In Menznau erzielte Hans Lampart mit 94 Punkten das beste Resultat der 11 teilnehmenden Buttisholzer. Josef Kiener wurde zweiter mit 93 Punkten, vor Othmar M\u00fcller mit 92 Punkten.<\/p>\n\n\n\n<p>Der Sektionsdurchschnitt lag bei 88.73 Punkten.<\/p>\n\n\n\n<p>In Gettnau gelang mit 95 Punkten Josef Achermann das Buttisholzer H\u00f6chstresultat. Auf Rang 2 folgte Ruben Vincent mit 94 Punkten, w\u00e4hrend Hans Lampart 93 Punkte erzielte.<\/p>\n\n\n\n<p>Der Sektionsdurchschnitt der ebenfalls 11 Teilnehmenden lag bei 90.85 Punkten.<\/p>\n","protected":false},"excerpt":{"rendered":"<p>Nach den Sch\u00fctzenfesten in Gettnau und Menznau machte sich am letzten Freitagmittag eine Gruppe des Sch\u00fctzenvereins Buttisholz auf an\u2019s Obwaldner Kantonalsch\u00fctzenfest. Die Gruppe bestand aus 10 Sch\u00fctzen, darunter erfreulicherweise vier Jungsch\u00fctzen. In Lungern ging es zur Br\u00fcnig- Indoor Schiessanlage, es wurde also alles unterirdisch im Berg geschossen. Bei \u00abherbstlichen\u00bb Bedingungen, die Sicht war infolge starker [&hellip;]<\/p>\n","protected":false},"author":1,"featured_media":7405,"comment_status":"open","ping_status":"closed","sticky":false,"template":"","format":"standard","meta":{"footnotes":""},"categories":[5],"tags":[],"class_list":["post-7404","post","type-post","status-publish","format-standard","has-post-thumbnail","hentry","category-auswaertige-schiessen"],"_links":{"self":[{"href":"https:\/\/sv-buttisholz.ch\/index.php?rest_route=\/wp\/v2\/posts\/7404","targetHints":{"allow":["GET"]}}],"collection":[{"href":"https:\/\/sv-buttisholz.ch\/index.php?rest_route=\/wp\/v2\/posts"}],"about":[{"href":"https:\/\/sv-buttisholz.ch\/index.php?rest_route=\/wp\/v2\/types\/post"}],"author":[{"embeddable":true,"href":"https:\/\/sv-buttisholz.ch\/index.php?rest_route=\/wp\/v2\/users\/1"}],"replies":[{"embeddable":true,"href":"https:\/\/sv-buttisholz.ch\/index.php?rest_route=%2Fwp%2Fv2%2Fcomments&post=7404"}],"version-history":[{"count":0,"href":"https:\/\/sv-buttisholz.ch\/index.php?rest_route=\/wp\/v2\/posts\/7404\/revisions"}],"wp:featuredmedia":[{"embeddable":true,"href":"https:\/\/sv-buttisholz.ch\/index.php?rest_route=\/wp\/v2\/media\/7405"}],"wp:attachment":[{"href":"https:\/\/sv-buttisholz.ch\/index.php?rest_route=%2Fwp%2Fv2%2Fmedia&parent=7404"}],"wp:term":[{"taxonomy":"category","embeddable":true,"href":"https:\/\/sv-buttisholz.ch\/index.php?rest_route=%2Fwp%2Fv2%2Fcategories&post=7404"},{"taxonomy":"post_tag","embeddable":true,"href":"https:\/\/sv-buttisholz.ch\/index.php?rest_route=%2Fwp%2Fv2%2Ftags&post=7404"}],"curies":[{"name":"wp","href":"https:\/\/api.w.org\/{rel}","templated":true}]}}