{"id":7408,"date":"2021-11-01T16:01:00","date_gmt":"2021-11-01T15:01:00","guid":{"rendered":"https:\/\/sv-buttisholz.ch\/?p=7408"},"modified":"2024-12-16T16:05:47","modified_gmt":"2024-12-16T15:05:47","slug":"generalversammlung-2021","status":"publish","type":"post","link":"https:\/\/sv-buttisholz.ch\/?p=7408","title":{"rendered":"Generalversammlung 2021"},"content":{"rendered":"\n<p>An der 168. Generalversammlung des Sch\u00fctzenvereins Buttisholz wurde dem langj\u00e4hrigen Aktivsch\u00fctzen Othmar M\u00fcller, als Dank f\u00fcr die Vereinsarbeit, die Ehrenmitgliedschaft erteilt.<\/p>\n\n\n\n<p>Nachdem die letztj\u00e4hrige GV schriftlich abgehalten wurde, konnte dieses Jahr vor der Versammlung wieder der Gedenkgottesdienst zusammen mit der Feldmusik abgehalten werden.<\/p>\n\n\n\n<p>Nach der Messe begaben sich die Mitgliederinnen und Mitglieder ins Rosalie zum Nachtessen.<\/p>\n\n\n\n<p>Anschliessend begr\u00fcsste der Pr\u00e4sident Matthias Graber die 25 Anwesenden, darunter auch zwei Jungsch\u00fctzen, zur GV. Mit Reto Widmer, Maurus Lampart und Philipp Birrer hiess er auch drei Neumitglieder im Verein willkommen.<\/p>\n\n\n\n<p>Mit einer Schweigeminute gedachte man den im vergangenen Jahr verstorbenen Mitgliedern der Sebastiansbruderschaft. Es waren dies: Alois Aregger-Sch\u00fcrch, Walter Suppiger-K\u00e4ch, Franz Brun-Bucher, Maria Helfenstein- Ziswiler, Chantal Lampart-Studer, Bruno Lang, Fredy Sch\u00fcrmann-Imgr\u00fcth und Anna Steiner-Glanzmann.<\/p>\n\n\n\n<h4 class=\"wp-block-heading\">Eidgen\u00f6ssisches Sch\u00fctzenfest<\/h4>\n\n\n\n<p>Der Pr\u00e4sident konnte wieder auf ein spezielles Jahr zur\u00fcckblicken. Ein Jahr bei dem vieles abgesagt, aber auch das eine oder andere wieder m\u00f6glich war. So wurde das Eidgen\u00f6ssische Sch\u00fctzenfest zuerst auf dieses Jahr verschoben und anschliessend dezentral durchgef\u00fchrt. Das heisst, dass jeder teilnehmende Verein in der Schweiz auf seinem Heimstand schiessen durfte. Die Buttisholzer luden am Sonntag 27. Juni zum gemeinsamen Eidgen\u00f6ssischen ein.<\/p>\n\n\n\n<p>Mit 40 Teilnehmenden, darunter 13 Jungsch\u00fctzen wurde den ganzen Sonntag um gute Resultate gezielt.<\/p>\n\n\n\n<p>Im Sektionsstich gelang das Hans Lampart am besten. Er schoss 97 Punkte, vor Ruben Vincent, Josef Achermann und Othmar M\u00fcller mit je 92 Punkten. Im Juniorenstich \u00fcberzeugte Simon B\u00fchlmann mit 71 Punkten vor Sandro R\u00f6lli mit 70 Punkten. Auf Rang 3 folgten Sven Achermann und Philipp Birrer mit je 69 Punkten.<\/p>\n\n\n\n<p>Der sehr gut organisierte Tag war ein spezielles Erlebnis in der Vereinsgeschichte. Der ganzen Sch\u00fctzenfamilie bleiben viele Begegnungen mit Alt und Jung als Bereicherung des Vereinslebens in Erinnerung.<\/p>\n\n\n\n<h4 class=\"wp-block-heading\">Jungsch\u00fctzen<\/h4>\n\n\n\n<p>Der diesj\u00e4hrige Jungsch\u00fctzenkurs wurde von insgesamt 13 Jugendlichen besucht. Alois Achermann und Anita Lampart mit Ihren Helfern Otto Galliker, Josef Achermann und Hans Lampart f\u00fchrten die Jungmannschaft gekonnt durch die verschiedenen Anl\u00e4sse im vergangenen Jahr. Gute Resultate, einige Entt\u00e4uschungen und viel Kameradschaft bleiben in den jungen K\u00f6pfen haften. Der Jungsch\u00fctzenkurs gewann Philipp Birrer. Auf dem zweiten Rang folgte David B\u00fchlmann vor Sven Achermann.<\/p>\n\n\n\n<h4 class=\"wp-block-heading\">Ehrenmitglied<\/h4>\n\n\n\n<p>Als Dank f\u00fcr seine Verdienste f\u00fcr den SV Buttisholz verlieh der Pr\u00e4sident Matthias Graber die Ehrenmitgliedschaft an Othmar M\u00fcller. Die Versammlung bedankte sich mit grossem Applaus f\u00fcr sein langj\u00e4hriges Mithelfen in und um den Verein. Braucht es seine Mithilfe, ein OK-Mitglied, ein OK-Pr\u00e4sident oder gar eine neue Sch\u00fctzenjacke, so ist Othmar immer zur Stelle. Vielen Dank.<\/p>\n\n\n\n<h4 class=\"wp-block-heading\">Sieger Bundescup<\/h4>\n\n\n\n<p>Da in diesem Jahr wieder keine Vereinsmeisterschaft durchgef\u00fchrt werden konnte, blieb nur die Bekanntgabe des Siegers Bundescup. Als Bester am Feldschiessen und OP konnte Ruben Vincent einen Wanderpreis entgegennehmen. Auf Rang 2 folgte Bruno Graber vor Josef Kiener.<\/p>\n\n\n\n<p>Zum Schluss der Versammlung bedankte sich der Pr\u00e4sident bei allen Nachbarn, insbesondere bei Peter Theiler f\u00fcr die gute Zusammenarbeit. Ebenfalls ein Dank ging an alle, die irgendwie zum Gelingen des Vereinsjahres beigetragen haben.<\/p>\n\n\n\n<p>Bei einem feinen Dessert klang der Abend im Rosalie aus.<\/p>\n","protected":false},"excerpt":{"rendered":"<p>An der 168. Generalversammlung des Sch\u00fctzenvereins Buttisholz wurde dem langj\u00e4hrigen Aktivsch\u00fctzen Othmar M\u00fcller, als Dank f\u00fcr die Vereinsarbeit, die Ehrenmitgliedschaft erteilt. Nachdem die letztj\u00e4hrige GV schriftlich abgehalten wurde, konnte dieses Jahr vor der Versammlung wieder der Gedenkgottesdienst zusammen mit der Feldmusik abgehalten werden. Nach der Messe begaben sich die Mitgliederinnen und Mitglieder ins Rosalie zum [&hellip;]<\/p>\n","protected":false},"author":1,"featured_media":1361,"comment_status":"open","ping_status":"closed","sticky":false,"template":"","format":"standard","meta":{"footnotes":""},"categories":[10],"tags":[],"class_list":["post-7408","post","type-post","status-publish","format-standard","has-post-thumbnail","hentry","category-news"],"_links":{"self":[{"href":"https:\/\/sv-buttisholz.ch\/index.php?rest_route=\/wp\/v2\/posts\/7408","targetHints":{"allow":["GET"]}}],"collection":[{"href":"https:\/\/sv-buttisholz.ch\/index.php?rest_route=\/wp\/v2\/posts"}],"about":[{"href":"https:\/\/sv-buttisholz.ch\/index.php?rest_route=\/wp\/v2\/types\/post"}],"author":[{"embeddable":true,"href":"https:\/\/sv-buttisholz.ch\/index.php?rest_route=\/wp\/v2\/users\/1"}],"replies":[{"embeddable":true,"href":"https:\/\/sv-buttisholz.ch\/index.php?rest_route=%2Fwp%2Fv2%2Fcomments&post=7408"}],"version-history":[{"count":0,"href":"https:\/\/sv-buttisholz.ch\/index.php?rest_route=\/wp\/v2\/posts\/7408\/revisions"}],"wp:featuredmedia":[{"embeddable":true,"href":"https:\/\/sv-buttisholz.ch\/index.php?rest_route=\/wp\/v2\/media\/1361"}],"wp:attachment":[{"href":"https:\/\/sv-buttisholz.ch\/index.php?rest_route=%2Fwp%2Fv2%2Fmedia&parent=7408"}],"wp:term":[{"taxonomy":"category","embeddable":true,"href":"https:\/\/sv-buttisholz.ch\/index.php?rest_route=%2Fwp%2Fv2%2Fcategories&post=7408"},{"taxonomy":"post_tag","embeddable":true,"href":"https:\/\/sv-buttisholz.ch\/index.php?rest_route=%2Fwp%2Fv2%2Ftags&post=7408"}],"curies":[{"name":"wp","href":"https:\/\/api.w.org\/{rel}","templated":true}]}}